{"id":8272,"date":"2025-06-17T07:47:29","date_gmt":"2025-06-17T05:47:29","guid":{"rendered":"https:\/\/www.libertadavenue.com\/the-star-of-valparaiso-publishes-a-report-on-vina-del-mar-resident-carla-peirano\/"},"modified":"2025-06-17T11:54:13","modified_gmt":"2025-06-17T09:54:13","slug":"the-star-of-valparaiso-publishes-a-report-on-vina-del-mar-resident-carla-peirano","status":"publish","type":"post","link":"https:\/\/www.libertadavenue.com\/en\/the-star-of-valparaiso-publishes-a-report-on-vina-del-mar-resident-carla-peirano\/","title":{"rendered":"The Star of Valpara\u00edso publishes a report on Vi\u00f1a del Mar resident Carla Peirano."},"content":{"rendered":"<p><img loading=\"lazy\" decoding=\"async\" class=\"size-full wp-image-7526\" src=\"https:\/\/www.libertadavenue.com\/wp-content\/uploads\/2025\/04\/La_Estrella_Carla_Peirano_Libertad_Avenue_R_1.png\" alt=\"Report published in La Estrella de Valpara\u00edso\" width=\"1054\" height=\"1306\" srcset=\"https:\/\/www.libertadavenue.com\/wp-content\/uploads\/2025\/04\/La_Estrella_Carla_Peirano_Libertad_Avenue_R_1.png 1054w, https:\/\/www.libertadavenue.com\/wp-content\/uploads\/2025\/04\/La_Estrella_Carla_Peirano_Libertad_Avenue_R_1-242x300.png 242w, https:\/\/www.libertadavenue.com\/wp-content\/uploads\/2025\/04\/La_Estrella_Carla_Peirano_Libertad_Avenue_R_1-826x1024.png 826w, https:\/\/www.libertadavenue.com\/wp-content\/uploads\/2025\/04\/La_Estrella_Carla_Peirano_Libertad_Avenue_R_1-768x952.png 768w, https:\/\/www.libertadavenue.com\/wp-content\/uploads\/2025\/04\/La_Estrella_Carla_Peirano_Libertad_Avenue_R_1-121x150.png 121w, https:\/\/www.libertadavenue.com\/wp-content\/uploads\/2025\/04\/La_Estrella_Carla_Peirano_Libertad_Avenue_R_1-800x991.png 800w\" sizes=\"auto, (max-width: 1054px) 100vw, 1054px\" \/><\/p>\n<p class=\"p1\"><span class=\"s1\"><b>Agradecimiento a <a href=\"https:\/\/www.estrellavalpo.cl\/impresa\/2025\/04\/09\/papel\/\" rel=\"nofollow noopener\" target=\"_blank\">&#8220;The Star of Valpara\u00edso&#8221;<\/a><\/b><\/span><\/p>\n<p class=\"p1\"><span class=\"s1\">I want to express my sincere gratitude to the team at &#8220;La Estrella de Valpara\u00edso&#8221; for the very special report they dedicated to me. As a native of <a href=\"https:\/\/www.libertadavenue.com\/en\/carla-peirano-recibe-un-reconocimiento-empresaria\/\">Valpara\u00edso<\/a>, I am deeply moved to hear about the recognition I have received from the Bilbao City Council. It is an honor to know that my work is valued, both here in my hometown and around the world.  <\/span><\/p>\n<p class=\"p1\"><span class=\"s1\">This recognition fills me with joy and pride, and motivates me even more to continue working with dedication and passion in everything I undertake. Thank you for this beautiful gesture, which not only reflects my story, but also the love and effort I put into what I do! <\/span><\/p>\n<p>&nbsp;<\/p>\n<ul>\n<li>\n<p class=\"p1\"><span class=\"s1\">I&#8217;m sorry about the quality of the image, but the digital version is posted so it can&#8217;t be read without a subscription.<\/span><\/p>\n<\/li>\n<\/ul>\n<p><img loading=\"lazy\" decoding=\"async\" class=\"alignnone size-full wp-image-7529\" src=\"https:\/\/www.libertadavenue.com\/wp-content\/uploads\/2025\/04\/La_Estrella_Portada_Carla_Peirano.png\" alt=\"\" width=\"1052\" height=\"1302\" srcset=\"https:\/\/www.libertadavenue.com\/wp-content\/uploads\/2025\/04\/La_Estrella_Portada_Carla_Peirano.png 1052w, https:\/\/www.libertadavenue.com\/wp-content\/uploads\/2025\/04\/La_Estrella_Portada_Carla_Peirano-242x300.png 242w, https:\/\/www.libertadavenue.com\/wp-content\/uploads\/2025\/04\/La_Estrella_Portada_Carla_Peirano-827x1024.png 827w, https:\/\/www.libertadavenue.com\/wp-content\/uploads\/2025\/04\/La_Estrella_Portada_Carla_Peirano-768x951.png 768w, https:\/\/www.libertadavenue.com\/wp-content\/uploads\/2025\/04\/La_Estrella_Portada_Carla_Peirano-121x150.png 121w, https:\/\/www.libertadavenue.com\/wp-content\/uploads\/2025\/04\/La_Estrella_Portada_Carla_Peirano-800x990.png 800w\" sizes=\"auto, (max-width: 1052px) 100vw, 1052px\" \/><\/p>\n","protected":false},"excerpt":{"rendered":"<p>Agradecimiento a &#8220;The Star of Valpara\u00edso&#8221; I want to express my sincere gratitude to the team at &#8220;La Estrella de Valpara\u00edso&#8221; for the very special report they dedicated to me. As a native of Valpara\u00edso, I am deeply moved to hear about the recognition I have received from the Bilbao [&hellip;]<\/p>\n","protected":false},"author":6,"featured_media":0,"comment_status":"open","ping_status":"open","sticky":false,"template":"","format":"standard","meta":{"footnotes":""},"categories":[194,202],"tags":[324,323],"class_list":["post-8272","post","type-post","status-publish","format-standard","hentry","category-glossary","category-press","tag-footwear-for-urban-cyclists","tag-job"],"_links":{"self":[{"href":"https:\/\/www.libertadavenue.com\/en\/wp-json\/wp\/v2\/posts\/8272","targetHints":{"allow":["GET"]}}],"collection":[{"href":"https:\/\/www.libertadavenue.com\/en\/wp-json\/wp\/v2\/posts"}],"about":[{"href":"https:\/\/www.libertadavenue.com\/en\/wp-json\/wp\/v2\/types\/post"}],"author":[{"embeddable":true,"href":"https:\/\/www.libertadavenue.com\/en\/wp-json\/wp\/v2\/users\/6"}],"replies":[{"embeddable":true,"href":"https:\/\/www.libertadavenue.com\/en\/wp-json\/wp\/v2\/comments?post=8272"}],"version-history":[{"count":1,"href":"https:\/\/www.libertadavenue.com\/en\/wp-json\/wp\/v2\/posts\/8272\/revisions"}],"predecessor-version":[{"id":8276,"href":"https:\/\/www.libertadavenue.com\/en\/wp-json\/wp\/v2\/posts\/8272\/revisions\/8276"}],"wp:attachment":[{"href":"https:\/\/www.libertadavenue.com\/en\/wp-json\/wp\/v2\/media?parent=8272"}],"wp:term":[{"taxonomy":"category","embeddable":true,"href":"https:\/\/www.libertadavenue.com\/en\/wp-json\/wp\/v2\/categories?post=8272"},{"taxonomy":"post_tag","embeddable":true,"href":"https:\/\/www.libertadavenue.com\/en\/wp-json\/wp\/v2\/tags?post=8272"}],"curies":[{"name":"wp","href":"https:\/\/api.w.org\/{rel}","templated":true}]}}